{"id":16186,"date":"2026-08-26T10:00:15","date_gmt":"2026-08-26T08:00:15","guid":{"rendered":"https:\/\/laserfactory.cat\/?p=16186"},"modified":"2026-08-11T10:37:43","modified_gmt":"2026-08-11T08:37:43","slug":"epilation-laser-barbe-hommes-adieu-poils-incarnes-irritations","status":"publish","type":"post","link":"https:\/\/laserfactory.cat\/fr\/epilation-laser-barbe-hommes-adieu-poils-incarnes-irritations\/","title":{"rendered":"\u00c9pilation laser de la barbe pour hommes : adieu aux poils incarn\u00e9s et aux irritations"},"content":{"rendered":"\n<p>Si vous faites partie de ceux qui se rasent la barbe tous les jours, vous connaissez probablement bien cette sensation : la peau irrit\u00e9e, les petits boutons qui apparaissent apr\u00e8s le passage du rasoir, les zones o\u00f9 les poils poussent sous la peau et la n\u00e9cessit\u00e9 de r\u00e9p\u00e9ter le processus encore et encore.<\/p>\n\n<p>Pendant des ann\u00e9es, de nombreux hommes ont consid\u00e9r\u00e9 que cela faisait partie de leur routine. Pourtant, la r\u00e9alit\u00e9 est que de plus en plus de personnes d\u00e9couvrent qu\u2019il existe une alternative bien plus confortable : l\u2019\u00e9pilation laser de la barbe. <\/p>\n\n<p>Et non, il ne s\u2019agit pas forc\u00e9ment de supprimer toute la barbe. En effet, l\u2019une des questions les plus fr\u00e9quentes que nous recevons concerne justement la mani\u00e8re de r\u00e9duire les poils sur certaines zones ou de mieux d\u00e9finir les contours de la barbe sans avoir \u00e0 les retoucher constamment. <\/p>\n\n<h2 class=\"wp-block-heading has-medium-font-size\">Pourquoi de plus en plus d\u2019hommes choisissent-ils l\u2019\u00e9pilation laser de la barbe ?<\/h2>\n\n<p>Il y a quelques ann\u00e9es, l\u2019\u00e9pilation laser masculine \u00e9tait principalement associ\u00e9e \u00e0 des zones du corps telles que le dos, le torse ou les \u00e9paules. Aujourd\u2019hui, la situation a \u00e9volu\u00e9. <\/p>\n\n<p>La barbe est l\u2019une des zones qui g\u00e9n\u00e8rent le plus de pr\u00e9occupations au quotidien. Non pas parce que les hommes souhaitent forc\u00e9ment la supprimer compl\u00e8tement, mais parce qu\u2019elle provoque souvent des probl\u00e8mes qui affectent le confort et l\u2019apparence de la peau. <\/p>\n\n<p>Parmi les raisons les plus fr\u00e9quentes, on retrouve :<\/p>\n\n<ul class=\"wp-block-list\">\n<li>Les poils incarn\u00e9s r\u00e9currents.<\/li>\n\n\n\n<li>La folliculite et l\u2019inflammation apr\u00e8s le rasage.<\/li>\n\n\n\n<li>L\u2019irritation constante de la peau.<\/li>\n\n\n\n<li>Une ombre de barbe tr\u00e8s marqu\u00e9e.<\/li>\n\n\n\n<li>La n\u00e9cessit\u00e9 de se raser quotidiennement.<\/li>\n\n\n\n<li>La difficult\u00e9 \u00e0 maintenir des contours bien d\u00e9finis.<\/li>\n<\/ul>\n\n<p>L\u2019\u00e9pilation laser permet de r\u00e9duire progressivement le nombre de poils, d\u2019en diminuer l\u2019\u00e9paisseur et d\u2019obtenir une peau plus uniforme.<\/p>\n\n<figure class=\"wp-block-image size-large\"><img fetchpriority=\"high\" decoding=\"async\" width=\"1024\" height=\"683\" src=\"https:\/\/laserfactory.cat\/wp-content\/uploads\/2026\/08\/abans-i-despres-depilacio-laser-barba-home-1024x683.jpg\" alt=\"Avant et apr&#xE8;s &#xE9;pilation laser de la barbe chez l'homme\" class=\"wp-image-16175\" srcset=\"https:\/\/laserfactory.cat\/wp-content\/uploads\/2026\/08\/abans-i-despres-depilacio-laser-barba-home-1024x683.jpg 1024w, https:\/\/laserfactory.cat\/wp-content\/uploads\/2026\/08\/abans-i-despres-depilacio-laser-barba-home-300x200.jpg 300w, https:\/\/laserfactory.cat\/wp-content\/uploads\/2026\/08\/abans-i-despres-depilacio-laser-barba-home-768x512.jpg 768w, https:\/\/laserfactory.cat\/wp-content\/uploads\/2026\/08\/abans-i-despres-depilacio-laser-barba-home.jpg 1536w\" sizes=\"(max-width: 1024px) 100vw, 1024px\" \/><\/figure>\n\n<h2 class=\"wp-block-heading has-medium-font-size\">\u00c9pilation laser pour supprimer toute la barbe ou simplement la redessiner ?<\/h2>\n\n<p>La r\u00e9ponse est que l\u2019<a href=\"https:\/\/laserfactory.cat\/fr\/epilation-laser-diode\/epilation-laser-hommes\/barbe\/\">\u00e9pilation laser de la barbe<\/a> s\u2019adapte totalement aux objectifs de chaque personne.<\/p>\n\n<p>Certains hommes choisissent de supprimer pratiquement toute la pilosit\u00e9 du visage, soit pour des raisons esth\u00e9tiques, parce qu\u2019ils souhaitent conserver une peau parfaitement ras\u00e9e, soit pour pr\u00e9server la sant\u00e9 de leur peau lorsqu\u2019ils souffrent d\u2019irritations importantes.<\/p>\n\n<p>D\u2019autres pr\u00e9f\u00e8rent traiter uniquement certaines zones sp\u00e9cifiques comme :<\/p>\n\n<ul class=\"wp-block-list\">\n<li>Le cou.<\/li>\n\n\n\n<li>Les pommettes.<\/li>\n\n\n\n<li>La partie sup\u00e9rieure des joues.<\/li>\n\n\n\n<li>La zone sous la m\u00e2choire.<\/li>\n\n\n\n<li>Les contours de la barbe.<\/li>\n<\/ul>\n\n<p>Dans ces cas, l\u2019objectif n\u2019est pas de supprimer la barbe, mais d\u2019obtenir une ligne plus nette et mieux d\u00e9finie qui demande moins d\u2019entretien.<\/p>\n\n<h3 class=\"wp-block-heading has-medium-font-size\">Le grand ennemi : les poils incarn\u00e9s dans la barbe<\/h3>\n\n<p>S\u2019il y a une expression qui revient constamment lorsqu\u2019on parle d\u2019\u00e9pilation laser du visage chez les hommes, c\u2019est bien \u00ab poils incarn\u00e9s \u00bb. Et ce n\u2019est pas un hasard. <\/p>\n\n<p>La barbe est l\u2019une des zones du corps o\u00f9 la densit\u00e9 de poils est la plus importante. Lorsque les poils sont \u00e9pais ou fris\u00e9s, ils ont davantage tendance \u00e0 repousser sous la peau apr\u00e8s le rasage. <\/p>\n\n<p>Cela peut entra\u00eener :<\/p>\n\n<ul class=\"wp-block-list\">\n<li>Des rougeurs.<\/li>\n\n\n\n<li>Une inflammation.<\/li>\n\n\n\n<li>De la douleur.<\/li>\n\n\n\n<li>De petites bosses.<\/li>\n\n\n\n<li>Des taches sur la peau.<\/li>\n<\/ul>\n\n<p>L\u2019\u00e9pilation laser agit directement sur le follicule pileux, r\u00e9duisant progressivement la croissance des poils et diminuant ainsi de mani\u00e8re significative l\u2019apparition des poils incarn\u00e9s.<\/p>\n\n<p>Pour de nombreux hommes, c\u2019est la principale raison de commencer un traitement.<\/p>\n\n<h2 class=\"wp-block-heading has-medium-font-size\">L\u2019\u00e9pilation laser de la barbe est-elle douloureuse ?<\/h2>\n\n<p>C\u2019est une question tout \u00e0 fait l\u00e9gitime.<\/p>\n\n<p>Le visage est une zone sensible et la barbe masculine se caract\u00e9rise g\u00e9n\u00e9ralement par des poils \u00e9pais et profond\u00e9ment implant\u00e9s.<\/p>\n\n<p>Cependant, les technologies actuelles permettent de r\u00e9aliser des traitements beaucoup plus confortables qu\u2019il y a quelques ann\u00e9es.<\/p>\n\n<p>La <a href=\"https:\/\/laserfactory.cat\/fr\/epilation-au-laser-diode-fait-elle-mal\/\">sensation est souvent d\u00e9crite comme de tr\u00e8s l\u00e9gers picotements de chaleur rapides<\/a>. De plus, notre \u00e9quipement permet d\u2019ajuster les param\u00e8tres afin d\u2019adapter le traitement aux caract\u00e9ristiques et \u00e0 la sensibilit\u00e9 de chaque personne. Il int\u00e8gre \u00e9galement un syst\u00e8me de refroidissement qui prot\u00e8ge la peau et rend la s\u00e9ance plus confortable. <\/p>\n\n<p>La perception de la douleur varie d\u2019une personne \u00e0 l\u2019autre, mais la majorit\u00e9 des clients la consid\u00e8re comme tout \u00e0 fait supportable.<\/p>\n\n<figure class=\"wp-block-image size-large\"><img decoding=\"async\" width=\"1024\" height=\"683\" src=\"https:\/\/laserfactory.cat\/wp-content\/uploads\/2026\/08\/afaitar-barba-home-1024x683.jpg\" alt=\"raser la barbe d'un homme\" class=\"wp-image-16179\" srcset=\"https:\/\/laserfactory.cat\/wp-content\/uploads\/2026\/08\/afaitar-barba-home-1024x683.jpg 1024w, https:\/\/laserfactory.cat\/wp-content\/uploads\/2026\/08\/afaitar-barba-home-300x200.jpg 300w, https:\/\/laserfactory.cat\/wp-content\/uploads\/2026\/08\/afaitar-barba-home-768x512.jpg 768w, https:\/\/laserfactory.cat\/wp-content\/uploads\/2026\/08\/afaitar-barba-home.jpg 1100w\" sizes=\"(max-width: 1024px) 100vw, 1024px\" \/><\/figure>\n\n<h2 class=\"wp-block-heading has-medium-font-size\">Combien de s\u00e9ances d\u2019\u00e9pilation laser de la barbe sont n\u00e9cessaires ?<\/h2>\n\n<p>Il n\u2019existe pas de r\u00e9ponse unique.<\/p>\n\n<p>Le nombre de s\u00e9ances d\u00e9pend de plusieurs facteurs :<\/p>\n\n<ul class=\"wp-block-list\">\n<li>Le <a href=\"https:\/\/laserfactory.cat\/fr\/comment-votre-type-de-peau-influence-lepilation-laser\/\">type de peau<\/a>.<\/li>\n\n\n\n<li>La couleur des poils.<\/li>\n\n\n\n<li>Les hormones.<\/li>\n\n\n\n<li>L\u2019\u00e2ge.<\/li>\n\n\n\n<li>La r\u00e9ponse individuelle au traitement.<\/li>\n<\/ul>\n\n<p>En g\u00e9n\u00e9ral, la barbe masculine n\u00e9cessite davantage de s\u00e9ances que d\u2019autres zones du corps, car il s\u2019agit d\u2019une zone fortement stimul\u00e9e par les hormones. Les premi\u00e8res s\u00e9ances sont g\u00e9n\u00e9ralement r\u00e9alis\u00e9es toutes les deux semaines.<\/p>\n\n<p>Il est donc important de comprendre que l\u2019\u00e9pilation laser est un processus progressif. S\u00e9ance apr\u00e8s s\u00e9ance, les poils deviennent plus fins, moins denses et plus faciles \u00e0 traiter. <\/p>\n\n<h4 class=\"wp-block-heading has-medium-font-size\">Que se passe-t-il entre les s\u00e9ances ?<\/h4>\n\n<p>Apr\u00e8s la s\u00e9ance, les poils continuent \u00e0 pousser normalement et, apr\u00e8s 10 \u00e0 15 jours, ceux qui ont \u00e9t\u00e9 trait\u00e9s commencent \u00e0 tomber tandis que des zones sans poils apparaissent. <\/p>\n\n<p>Au fil des s\u00e9ances, la quantit\u00e9 de poils diminue progressivement et ceux qui repoussent sont g\u00e9n\u00e9ralement plus fins et moins visibles. Ce sont ces poils r\u00e9siduels qui seront trait\u00e9s jusqu\u2019\u00e0 leur \u00e9limination compl\u00e8te. <\/p>\n\n<p>Entre les s\u00e9ances, si vous souhaitez \u00e9liminer les poils qui repoussent, il est important d\u2019utiliser des m\u00e9thodes qui ne les arrachent pas \u00e0 la racine. Il est donc recommand\u00e9 d\u2019utiliser un rasoir ou une cr\u00e8me d\u00e9pilatoire. <\/p>\n\n<h2 class=\"wp-block-heading has-medium-font-size\">Les v\u00e9ritables avantages de l\u2019\u00e9pilation laser de la barbe<\/h2>\n\n<p>Au-del\u00e0 de l\u2019aspect esth\u00e9tique, les b\u00e9n\u00e9fices les plus appr\u00e9ci\u00e9s par les hommes sont g\u00e9n\u00e9ralement li\u00e9s au confort.<\/p>\n\n<h4 class=\"wp-block-heading\">Moins de temps devant le miroir<\/h4>\n\n<p>R\u00e9duire la fr\u00e9quence du rasage permet de consacrer moins de temps \u00e0 une routine qui, dans de nombreux cas, se r\u00e9p\u00e8te pratiquement tous les jours.<\/p>\n\n<h4 class=\"wp-block-heading\">Une peau plus belle<\/h4>\n\n<p>En r\u00e9duisant les irritations et les poils incarn\u00e9s, la peau para\u00eet g\u00e9n\u00e9ralement plus uniforme et en meilleure sant\u00e9.<\/p>\n\n<h4 class=\"wp-block-heading\">Moins de boutons et d\u2019inflammations<\/h4>\n\n<p>La r\u00e9duction de la pilosit\u00e9 contribue \u00e0 limiter de nombreux probl\u00e8mes li\u00e9s \u00e0 la folliculite.<\/p>\n\n<h4 class=\"wp-block-heading\">Des contours mieux d\u00e9finis<\/h4>\n\n<p>Pour ceux qui souhaitent conserver leur barbe, le laser permet de cr\u00e9er des lignes plus nettes et plus durables.<\/p>\n\n<h4 class=\"wp-block-heading\">Plus de confort au quotidien<\/h4>\n\n<p>Cela peut sembler un d\u00e9tail, mais ne plus avoir \u00e0 se soucier constamment de la repousse des poils est une am\u00e9lioration que de nombreux clients soulignent apr\u00e8s leur traitement.<\/p>\n\n<h2 class=\"wp-block-heading has-medium-font-size\">Quel est le meilleur moment pour commencer un traitement d&#8217;\u00e9pilation laser de la barbe ?<\/h2>\n\n<p>Aujourd\u2019hui m\u00eame, si vous le souhaitez ! Il suffit simplement de prendre en compte votre exposition au soleil et de v\u00e9rifier si vous prenez des m\u00e9dicaments photosensibilisants. <\/p>\n\n<p>Mais si les poils incarn\u00e9s font partie de votre quotidien, si vous vous rasez presque tous les jours ou si vous souhaitez simplement mieux d\u00e9finir votre barbe sans d\u00e9pendre constamment du rasoir, l\u2019\u00e9pilation laser peut devenir une solution tr\u00e8s pratique pour vous.<\/p>\n\n<p>L\u2019essentiel est de vous mettre entre les mains de nos professionnels afin qu\u2019ils puissent \u00e9valuer votre situation de mani\u00e8re personnalis\u00e9e.<\/p>\n\n<h2 class=\"wp-block-heading has-medium-font-size\">L\u2019\u00e9pilation laser de la barbe : bien plus qu\u2019une question d\u2019esth\u00e9tique<\/h2>\n\n<p>Lorsqu\u2019on parle d\u2019<a href=\"https:\/\/laserfactory.cat\/fr\/epilation-laser-diode\/epilation-laser-hommes\/epilation-laser-visage-homme\/\">\u00e9pilation laser du visage chez les hommes<\/a>, on pense souvent uniquement \u00e0 l\u2019\u00e9limination des poils. Pourtant, les raisons qui poussent les hommes \u00e0 commencer ce traitement vont bien au-del\u00e0. <\/p>\n\n<p>La recherche d\u2019une peau plus saine, la r\u00e9duction des poils incarn\u00e9s, le confort au quotidien et le gain de temps sont des facteurs qui prennent de plus en plus d\u2019importance.<\/p>\n\n<p>C\u2019est pourquoi l\u2019<a href=\"https:\/\/laserfactory.cat\/fr\/epilation-laser-diode\/epilation-laser-hommes\/barbe\/\">\u00e9pilation laser de la barbe<\/a> est devenue l\u2019une des options les plus int\u00e9ressantes pour les hommes qui souhaitent simplifier leur routine et se sentir plus \u00e0 l\u2019aise avec leur peau jour apr\u00e8s jour.<\/p>\n\n<p>Si vous envisagez un traitement, vous pouvez <a href=\"https:\/\/laserfactory.cat\/fr\/prix-promotions-epilation-laser\/\">consulter nos prix et promotions<\/a> ou <a href=\"https:\/\/laserfactory.cat\/fr\/centres-epilation-laser\/\">trouver le centre Laser Factory le plus proche de chez vous<\/a>. Nous serons ravis de vous conseiller. <\/p>\n","protected":false},"excerpt":{"rendered":"<p>Si vous faites partie de ceux qui se rasent la barbe tous les jours, vous connaissez probablement bien cette sensation : la peau irrit\u00e9e, les petits boutons qui apparaissent apr\u00e8s le passage du rasoir, les zones o\u00f9 les poils poussent sous la peau et la n\u00e9cessit\u00e9 de r\u00e9p\u00e9ter le processus encore et encore. Pendant des [&hellip;]<\/p>\n","protected":false},"author":2,"featured_media":16177,"comment_status":"closed","ping_status":"open","sticky":false,"template":"","format":"standard","meta":{"_acf_changed":false,"inline_featured_image":false,"footnotes":""},"categories":[178],"tags":[],"class_list":["post-16186","post","type-post","status-publish","format-standard","has-post-thumbnail","hentry","category-epilation-au-laser"],"acf":[],"yoast_head":"<!-- This site is optimized with the Yoast SEO plugin v28.3 - https:\/\/yoast.com\/product\/yoast-seo-wordpress\/ -->\n<title>\u00c9pilation laser de la barbe pour hommes : adieu poils incarn\u00e9s et irritations - Laser Factory<\/title>\n<meta name=\"description\" content=\"Avant et apr\u00e8s l&#039;\u00e9pilation laser de la barbe : dites adieu aux poils incarn\u00e9s et aux irritations ! Obtenez une peau lisse et impeccable !\" \/>\n<meta name=\"robots\" content=\"index, follow, max-snippet:-1, max-image-preview:large, max-video-preview:-1\" \/>\n<link rel=\"canonical\" href=\"https:\/\/laserfactory.cat\/fr\/epilation-laser-barbe-hommes-adieu-poils-incarnes-irritations\/\" \/>\n<meta property=\"og:locale\" content=\"fr_FR\" \/>\n<meta property=\"og:type\" content=\"article\" \/>\n<meta property=\"og:title\" content=\"\u00c9pilation laser de la barbe pour hommes : adieu poils incarn\u00e9s et irritations - Laser Factory\" \/>\n<meta property=\"og:description\" content=\"Avant et apr\u00e8s l&#039;\u00e9pilation laser de la barbe : dites adieu aux poils incarn\u00e9s et aux irritations ! Obtenez une peau lisse et impeccable !\" \/>\n<meta property=\"og:url\" content=\"https:\/\/laserfactory.cat\/fr\/epilation-laser-barbe-hommes-adieu-poils-incarnes-irritations\/\" \/>\n<meta property=\"og:site_name\" content=\"Laser Factory\" \/>\n<meta property=\"article:publisher\" content=\"https:\/\/facebook.com\/CentresLaserFactory\" \/>\n<meta property=\"article:published_time\" content=\"2026-08-26T08:00:15+00:00\" \/>\n<meta property=\"og:image\" content=\"https:\/\/laserfactory.cat\/wp-content\/uploads\/2026\/08\/abans-i-despres-depilacio-laser-barba-home.jpg\" \/>\n\t<meta property=\"og:image:width\" content=\"1536\" \/>\n\t<meta property=\"og:image:height\" content=\"1024\" \/>\n\t<meta property=\"og:image:type\" content=\"image\/jpeg\" \/>\n<meta name=\"author\" content=\"Marketing\" \/>\n<meta name=\"twitter:card\" content=\"summary_large_image\" \/>\n<meta name=\"twitter:label1\" content=\"Written by\" \/>\n\t<meta name=\"twitter:data1\" content=\"Marketing\" \/>\n\t<meta name=\"twitter:label2\" content=\"Est. reading time\" \/>\n\t<meta name=\"twitter:data2\" content=\"8 minutes\" \/>\n<script type=\"application\/ld+json\" class=\"yoast-schema-graph\">{\"@context\":\"https:\\\/\\\/schema.org\",\"@graph\":[{\"@type\":\"Article\",\"@id\":\"https:\\\/\\\/laserfactory.cat\\\/fr\\\/epilation-laser-barbe-hommes-adieu-poils-incarnes-irritations\\\/#article\",\"isPartOf\":{\"@id\":\"https:\\\/\\\/laserfactory.cat\\\/fr\\\/epilation-laser-barbe-hommes-adieu-poils-incarnes-irritations\\\/\"},\"author\":{\"name\":\"Marketing\",\"@id\":\"https:\\\/\\\/laserfactory.cat\\\/fr\\\/#\\\/schema\\\/person\\\/f546f8410b20c5135d581f32bc927d2c\"},\"headline\":\"\u00c9pilation laser de la barbe pour hommes : adieu aux poils incarn\u00e9s et aux irritations\",\"datePublished\":\"2026-08-26T08:00:15+00:00\",\"mainEntityOfPage\":{\"@id\":\"https:\\\/\\\/laserfactory.cat\\\/fr\\\/epilation-laser-barbe-hommes-adieu-poils-incarnes-irritations\\\/\"},\"wordCount\":1457,\"publisher\":{\"@id\":\"https:\\\/\\\/laserfactory.cat\\\/fr\\\/#organization\"},\"image\":{\"@id\":\"https:\\\/\\\/laserfactory.cat\\\/fr\\\/epilation-laser-barbe-hommes-adieu-poils-incarnes-irritations\\\/#primaryimage\"},\"thumbnailUrl\":\"https:\\\/\\\/laserfactory.cat\\\/wp-content\\\/uploads\\\/2026\\\/08\\\/abans-i-despres-depilacio-laser-barba-home.jpg\",\"articleSection\":[\"\u00c9pilation au laser\"],\"inLanguage\":\"fr-FR\"},{\"@type\":\"WebPage\",\"@id\":\"https:\\\/\\\/laserfactory.cat\\\/fr\\\/epilation-laser-barbe-hommes-adieu-poils-incarnes-irritations\\\/\",\"url\":\"https:\\\/\\\/laserfactory.cat\\\/fr\\\/epilation-laser-barbe-hommes-adieu-poils-incarnes-irritations\\\/\",\"name\":\"\u00c9pilation laser de la barbe pour hommes : adieu poils incarn\u00e9s et irritations - Laser Factory\",\"isPartOf\":{\"@id\":\"https:\\\/\\\/laserfactory.cat\\\/fr\\\/#website\"},\"primaryImageOfPage\":{\"@id\":\"https:\\\/\\\/laserfactory.cat\\\/fr\\\/epilation-laser-barbe-hommes-adieu-poils-incarnes-irritations\\\/#primaryimage\"},\"image\":{\"@id\":\"https:\\\/\\\/laserfactory.cat\\\/fr\\\/epilation-laser-barbe-hommes-adieu-poils-incarnes-irritations\\\/#primaryimage\"},\"thumbnailUrl\":\"https:\\\/\\\/laserfactory.cat\\\/wp-content\\\/uploads\\\/2026\\\/08\\\/abans-i-despres-depilacio-laser-barba-home.jpg\",\"datePublished\":\"2026-08-26T08:00:15+00:00\",\"description\":\"Avant et apr\u00e8s l'\u00e9pilation laser de la barbe : dites adieu aux poils incarn\u00e9s et aux irritations ! Obtenez une peau lisse et impeccable !\",\"inLanguage\":\"fr-FR\",\"potentialAction\":[{\"@type\":\"ReadAction\",\"target\":[\"https:\\\/\\\/laserfactory.cat\\\/fr\\\/epilation-laser-barbe-hommes-adieu-poils-incarnes-irritations\\\/\"]}]},{\"@type\":\"ImageObject\",\"inLanguage\":\"fr-FR\",\"@id\":\"https:\\\/\\\/laserfactory.cat\\\/fr\\\/epilation-laser-barbe-hommes-adieu-poils-incarnes-irritations\\\/#primaryimage\",\"url\":\"https:\\\/\\\/laserfactory.cat\\\/wp-content\\\/uploads\\\/2026\\\/08\\\/abans-i-despres-depilacio-laser-barba-home.jpg\",\"contentUrl\":\"https:\\\/\\\/laserfactory.cat\\\/wp-content\\\/uploads\\\/2026\\\/08\\\/abans-i-despres-depilacio-laser-barba-home.jpg\",\"width\":1536,\"height\":1024,\"caption\":\"abans i despres depilacio laser barba home\"},{\"@type\":\"WebSite\",\"@id\":\"https:\\\/\\\/laserfactory.cat\\\/fr\\\/#website\",\"url\":\"https:\\\/\\\/laserfactory.cat\\\/fr\\\/\",\"name\":\"Laser Factory\",\"description\":\"Experts en depilaci\u00f3 l\u00e0ser\",\"publisher\":{\"@id\":\"https:\\\/\\\/laserfactory.cat\\\/fr\\\/#organization\"},\"potentialAction\":[{\"@type\":\"SearchAction\",\"target\":{\"@type\":\"EntryPoint\",\"urlTemplate\":\"https:\\\/\\\/laserfactory.cat\\\/fr\\\/?s={search_term_string}\"},\"query-input\":{\"@type\":\"PropertyValueSpecification\",\"valueRequired\":true,\"valueName\":\"search_term_string\"}}],\"inLanguage\":\"fr-FR\"},{\"@type\":\"Organization\",\"@id\":\"https:\\\/\\\/laserfactory.cat\\\/fr\\\/#organization\",\"name\":\"Laser Factory\",\"url\":\"https:\\\/\\\/laserfactory.cat\\\/fr\\\/\",\"logo\":{\"@type\":\"ImageObject\",\"inLanguage\":\"fr-FR\",\"@id\":\"https:\\\/\\\/laserfactory.cat\\\/fr\\\/#\\\/schema\\\/logo\\\/image\\\/\",\"url\":\"https:\\\/\\\/laserfactory.cat\\\/wp-content\\\/uploads\\\/2021\\\/01\\\/logo.svg\",\"contentUrl\":\"https:\\\/\\\/laserfactory.cat\\\/wp-content\\\/uploads\\\/2021\\\/01\\\/logo.svg\",\"width\":345,\"height\":129,\"caption\":\"Laser Factory\"},\"image\":{\"@id\":\"https:\\\/\\\/laserfactory.cat\\\/fr\\\/#\\\/schema\\\/logo\\\/image\\\/\"},\"sameAs\":[\"https:\\\/\\\/facebook.com\\\/CentresLaserFactory\",\"https:\\\/\\\/instagram.com\\\/centres_laserfactory\",\"https:\\\/\\\/www.youtube.com\\\/@centroslaserfactory\",\"https:\\\/\\\/es.linkedin.com\\\/company\\\/laserfactory\"]},{\"@type\":\"Person\",\"@id\":\"https:\\\/\\\/laserfactory.cat\\\/fr\\\/#\\\/schema\\\/person\\\/f546f8410b20c5135d581f32bc927d2c\",\"name\":\"Marketing\",\"image\":{\"@type\":\"ImageObject\",\"inLanguage\":\"fr-FR\",\"@id\":\"https:\\\/\\\/secure.gravatar.com\\\/avatar\\\/22379fb475061e2a9386ecc78152f0e05012e2551867e31247fd5e59a334b424?s=96&d=mm&r=g\",\"url\":\"https:\\\/\\\/secure.gravatar.com\\\/avatar\\\/22379fb475061e2a9386ecc78152f0e05012e2551867e31247fd5e59a334b424?s=96&d=mm&r=g\",\"contentUrl\":\"https:\\\/\\\/secure.gravatar.com\\\/avatar\\\/22379fb475061e2a9386ecc78152f0e05012e2551867e31247fd5e59a334b424?s=96&d=mm&r=g\",\"caption\":\"Marketing\"},\"url\":\"https:\\\/\\\/laserfactory.cat\\\/fr\\\/author\\\/marketing\\\/\"}]}<\/script>\n<!-- \/ Yoast SEO plugin. -->","yoast_head_json":{"title":"\u00c9pilation laser de la barbe pour hommes : adieu poils incarn\u00e9s et irritations - Laser Factory","description":"Avant et apr\u00e8s l'\u00e9pilation laser de la barbe : dites adieu aux poils incarn\u00e9s et aux irritations ! Obtenez une peau lisse et impeccable !","robots":{"index":"index","follow":"follow","max-snippet":"max-snippet:-1","max-image-preview":"max-image-preview:large","max-video-preview":"max-video-preview:-1"},"canonical":"https:\/\/laserfactory.cat\/fr\/epilation-laser-barbe-hommes-adieu-poils-incarnes-irritations\/","og_locale":"fr_FR","og_type":"article","og_title":"\u00c9pilation laser de la barbe pour hommes : adieu poils incarn\u00e9s et irritations - Laser Factory","og_description":"Avant et apr\u00e8s l'\u00e9pilation laser de la barbe : dites adieu aux poils incarn\u00e9s et aux irritations ! Obtenez une peau lisse et impeccable !","og_url":"https:\/\/laserfactory.cat\/fr\/epilation-laser-barbe-hommes-adieu-poils-incarnes-irritations\/","og_site_name":"Laser Factory","article_publisher":"https:\/\/facebook.com\/CentresLaserFactory","article_published_time":"2026-08-26T08:00:15+00:00","og_image":[{"width":1536,"height":1024,"url":"https:\/\/laserfactory.cat\/wp-content\/uploads\/2026\/08\/abans-i-despres-depilacio-laser-barba-home.jpg","type":"image\/jpeg"}],"author":"Marketing","twitter_card":"summary_large_image","twitter_misc":{"Written by":"Marketing","Est. reading time":"8 minutes"},"schema":{"@context":"https:\/\/schema.org","@graph":[{"@type":"Article","@id":"https:\/\/laserfactory.cat\/fr\/epilation-laser-barbe-hommes-adieu-poils-incarnes-irritations\/#article","isPartOf":{"@id":"https:\/\/laserfactory.cat\/fr\/epilation-laser-barbe-hommes-adieu-poils-incarnes-irritations\/"},"author":{"name":"Marketing","@id":"https:\/\/laserfactory.cat\/fr\/#\/schema\/person\/f546f8410b20c5135d581f32bc927d2c"},"headline":"\u00c9pilation laser de la barbe pour hommes : adieu aux poils incarn\u00e9s et aux irritations","datePublished":"2026-08-26T08:00:15+00:00","mainEntityOfPage":{"@id":"https:\/\/laserfactory.cat\/fr\/epilation-laser-barbe-hommes-adieu-poils-incarnes-irritations\/"},"wordCount":1457,"publisher":{"@id":"https:\/\/laserfactory.cat\/fr\/#organization"},"image":{"@id":"https:\/\/laserfactory.cat\/fr\/epilation-laser-barbe-hommes-adieu-poils-incarnes-irritations\/#primaryimage"},"thumbnailUrl":"https:\/\/laserfactory.cat\/wp-content\/uploads\/2026\/08\/abans-i-despres-depilacio-laser-barba-home.jpg","articleSection":["\u00c9pilation au laser"],"inLanguage":"fr-FR"},{"@type":"WebPage","@id":"https:\/\/laserfactory.cat\/fr\/epilation-laser-barbe-hommes-adieu-poils-incarnes-irritations\/","url":"https:\/\/laserfactory.cat\/fr\/epilation-laser-barbe-hommes-adieu-poils-incarnes-irritations\/","name":"\u00c9pilation laser de la barbe pour hommes : adieu poils incarn\u00e9s et irritations - Laser Factory","isPartOf":{"@id":"https:\/\/laserfactory.cat\/fr\/#website"},"primaryImageOfPage":{"@id":"https:\/\/laserfactory.cat\/fr\/epilation-laser-barbe-hommes-adieu-poils-incarnes-irritations\/#primaryimage"},"image":{"@id":"https:\/\/laserfactory.cat\/fr\/epilation-laser-barbe-hommes-adieu-poils-incarnes-irritations\/#primaryimage"},"thumbnailUrl":"https:\/\/laserfactory.cat\/wp-content\/uploads\/2026\/08\/abans-i-despres-depilacio-laser-barba-home.jpg","datePublished":"2026-08-26T08:00:15+00:00","description":"Avant et apr\u00e8s l'\u00e9pilation laser de la barbe : dites adieu aux poils incarn\u00e9s et aux irritations ! Obtenez une peau lisse et impeccable !","inLanguage":"fr-FR","potentialAction":[{"@type":"ReadAction","target":["https:\/\/laserfactory.cat\/fr\/epilation-laser-barbe-hommes-adieu-poils-incarnes-irritations\/"]}]},{"@type":"ImageObject","inLanguage":"fr-FR","@id":"https:\/\/laserfactory.cat\/fr\/epilation-laser-barbe-hommes-adieu-poils-incarnes-irritations\/#primaryimage","url":"https:\/\/laserfactory.cat\/wp-content\/uploads\/2026\/08\/abans-i-despres-depilacio-laser-barba-home.jpg","contentUrl":"https:\/\/laserfactory.cat\/wp-content\/uploads\/2026\/08\/abans-i-despres-depilacio-laser-barba-home.jpg","width":1536,"height":1024,"caption":"abans i despres depilacio laser barba home"},{"@type":"WebSite","@id":"https:\/\/laserfactory.cat\/fr\/#website","url":"https:\/\/laserfactory.cat\/fr\/","name":"Laser Factory","description":"Experts en depilaci\u00f3 l\u00e0ser","publisher":{"@id":"https:\/\/laserfactory.cat\/fr\/#organization"},"potentialAction":[{"@type":"SearchAction","target":{"@type":"EntryPoint","urlTemplate":"https:\/\/laserfactory.cat\/fr\/?s={search_term_string}"},"query-input":{"@type":"PropertyValueSpecification","valueRequired":true,"valueName":"search_term_string"}}],"inLanguage":"fr-FR"},{"@type":"Organization","@id":"https:\/\/laserfactory.cat\/fr\/#organization","name":"Laser Factory","url":"https:\/\/laserfactory.cat\/fr\/","logo":{"@type":"ImageObject","inLanguage":"fr-FR","@id":"https:\/\/laserfactory.cat\/fr\/#\/schema\/logo\/image\/","url":"https:\/\/laserfactory.cat\/wp-content\/uploads\/2021\/01\/logo.svg","contentUrl":"https:\/\/laserfactory.cat\/wp-content\/uploads\/2021\/01\/logo.svg","width":345,"height":129,"caption":"Laser Factory"},"image":{"@id":"https:\/\/laserfactory.cat\/fr\/#\/schema\/logo\/image\/"},"sameAs":["https:\/\/facebook.com\/CentresLaserFactory","https:\/\/instagram.com\/centres_laserfactory","https:\/\/www.youtube.com\/@centroslaserfactory","https:\/\/es.linkedin.com\/company\/laserfactory"]},{"@type":"Person","@id":"https:\/\/laserfactory.cat\/fr\/#\/schema\/person\/f546f8410b20c5135d581f32bc927d2c","name":"Marketing","image":{"@type":"ImageObject","inLanguage":"fr-FR","@id":"https:\/\/secure.gravatar.com\/avatar\/22379fb475061e2a9386ecc78152f0e05012e2551867e31247fd5e59a334b424?s=96&d=mm&r=g","url":"https:\/\/secure.gravatar.com\/avatar\/22379fb475061e2a9386ecc78152f0e05012e2551867e31247fd5e59a334b424?s=96&d=mm&r=g","contentUrl":"https:\/\/secure.gravatar.com\/avatar\/22379fb475061e2a9386ecc78152f0e05012e2551867e31247fd5e59a334b424?s=96&d=mm&r=g","caption":"Marketing"},"url":"https:\/\/laserfactory.cat\/fr\/author\/marketing\/"}]}},"_links":{"self":[{"href":"https:\/\/laserfactory.cat\/fr\/wp-json\/wp\/v2\/posts\/16186","targetHints":{"allow":["GET"]}}],"collection":[{"href":"https:\/\/laserfactory.cat\/fr\/wp-json\/wp\/v2\/posts"}],"about":[{"href":"https:\/\/laserfactory.cat\/fr\/wp-json\/wp\/v2\/types\/post"}],"author":[{"embeddable":true,"href":"https:\/\/laserfactory.cat\/fr\/wp-json\/wp\/v2\/users\/2"}],"replies":[{"embeddable":true,"href":"https:\/\/laserfactory.cat\/fr\/wp-json\/wp\/v2\/comments?post=16186"}],"version-history":[{"count":3,"href":"https:\/\/laserfactory.cat\/fr\/wp-json\/wp\/v2\/posts\/16186\/revisions"}],"predecessor-version":[{"id":16205,"href":"https:\/\/laserfactory.cat\/fr\/wp-json\/wp\/v2\/posts\/16186\/revisions\/16205"}],"wp:featuredmedia":[{"embeddable":true,"href":"https:\/\/laserfactory.cat\/fr\/wp-json\/wp\/v2\/media\/16177"}],"wp:attachment":[{"href":"https:\/\/laserfactory.cat\/fr\/wp-json\/wp\/v2\/media?parent=16186"}],"wp:term":[{"taxonomy":"category","embeddable":true,"href":"https:\/\/laserfactory.cat\/fr\/wp-json\/wp\/v2\/categories?post=16186"},{"taxonomy":"post_tag","embeddable":true,"href":"https:\/\/laserfactory.cat\/fr\/wp-json\/wp\/v2\/tags?post=16186"}],"curies":[{"name":"wp","href":"https:\/\/api.w.org\/{rel}","templated":true}]}}