{"id":16184,"date":"2026-08-26T10:00:23","date_gmt":"2026-08-26T08:00:23","guid":{"rendered":"https:\/\/laserfactory.cat\/?p=16184"},"modified":"2026-08-11T10:37:19","modified_gmt":"2026-08-11T08:37:19","slug":"depilacion-laser-barba-hombres-adios-pelos-enquistados-irritacion","status":"publish","type":"post","link":"https:\/\/laserfactory.cat\/es\/depilacion-laser-barba-hombres-adios-pelos-enquistados-irritacion\/","title":{"rendered":"Depilaci\u00f3n l\u00e1ser en la barba para hombres: adi\u00f3s a los pelos enquistados y a la irritaci\u00f3n"},"content":{"rendered":"\n<p>Si eres de los que se afeitan la barba cada d\u00eda, probablemente conozcas bien la sensaci\u00f3n: la piel irritada, los granitos que aparecen despu\u00e9s de pasar la maquinilla, las zonas donde los pelos crecen hacia dentro y la necesidad de repetir el proceso una y otra vez.<\/p>\n\n<p>Durante a\u00f1os, muchos hombres han asumido que esto forma parte de su rutina. Pero la realidad es que cada vez m\u00e1s personas descubren que existe una alternativa mucho m\u00e1s c\u00f3moda: la depilaci\u00f3n l\u00e1ser en la barba. <\/p>\n\n<p>Y no, no hablamos necesariamente de eliminar toda la barba. De hecho, una de las consultas m\u00e1s habituales que recibimos es, precisamente, c\u00f3mo reducir el vello de determinadas zonas o definir mejor el contorno de la barba sin tener que repasarlo constantemente. <\/p>\n\n<h2 class=\"wp-block-heading has-medium-font-size\">\u00bfPor qu\u00e9 cada vez m\u00e1s hombres se realizan la depilaci\u00f3n l\u00e1ser en la barba?<\/h2>\n\n<p>Hace unos a\u00f1os, la depilaci\u00f3n l\u00e1ser masculina se asociaba principalmente a zonas corporales como la espalda, el pecho o los hombros. Actualmente, la situaci\u00f3n ha cambiado. <\/p>\n\n<p>La barba es una de las zonas que m\u00e1s preocupaciones genera en el d\u00eda a d\u00eda. No porque los hombres quieran eliminarla por completo, sino porque a menudo provoca problemas que afectan a la comodidad y al aspecto de la piel. <\/p>\n\n<p>Entre los motivos m\u00e1s habituales encontramos:<\/p>\n\n<ul class=\"wp-block-list\">\n<li>Pelos enquistados recurrentes.<\/li>\n\n\n\n<li>Foliculitis e inflamaci\u00f3n despu\u00e9s del afeitado.<\/li>\n\n\n\n<li>Irritaci\u00f3n constante de la piel.<\/li>\n\n\n\n<li>Sombra de barba muy marcada.<\/li>\n\n\n\n<li>Necesidad de afeitarse a diario.<\/li>\n\n\n\n<li>Dificultad para mantener un contorno definido.<\/li>\n<\/ul>\n\n<p>La depilaci\u00f3n l\u00e1ser permite reducir progresivamente el n\u00famero de pelos, disminuir su grosor y conseguir una piel m\u00e1s uniforme.<\/p>\n\n<figure class=\"wp-block-image size-large\"><img fetchpriority=\"high\" decoding=\"async\" width=\"1024\" height=\"683\" src=\"https:\/\/laserfactory.cat\/wp-content\/uploads\/2026\/08\/abans-i-despres-depilacio-laser-barba-home-1024x683.jpg\" alt=\"antes y despu&#xE9;s depilaci&#xF3;n laser barba home\" class=\"wp-image-16175\" srcset=\"https:\/\/laserfactory.cat\/wp-content\/uploads\/2026\/08\/abans-i-despres-depilacio-laser-barba-home-1024x683.jpg 1024w, https:\/\/laserfactory.cat\/wp-content\/uploads\/2026\/08\/abans-i-despres-depilacio-laser-barba-home-300x200.jpg 300w, https:\/\/laserfactory.cat\/wp-content\/uploads\/2026\/08\/abans-i-despres-depilacio-laser-barba-home-768x512.jpg 768w, https:\/\/laserfactory.cat\/wp-content\/uploads\/2026\/08\/abans-i-despres-depilacio-laser-barba-home.jpg 1536w\" sizes=\"(max-width: 1024px) 100vw, 1024px\" \/><\/figure>\n\n<h2 class=\"wp-block-heading has-medium-font-size\">\u00bfDepilaci\u00f3n l\u00e1ser para eliminar toda la barba o solo para definirla?<\/h2>\n\n<p>La respuesta es que la <a href=\"https:\/\/laserfactory.cat\/es\/depilacion-laser-diodo\/depilacion-laser-masculina\/barba\/\">depilaci\u00f3n l\u00e1ser en la barba<\/a> es totalmente adaptable a los objetivos de cada persona.<\/p>\n\n<p>Algunos hombres deciden eliminar pr\u00e1cticamente todo el vello facial, ya sea por est\u00e9tica, porque desean llevar toda la zona afeitada, o bien por la salud de la piel, ya que sufren irritaciones importantes.<\/p>\n\n<p>Otros optan por tratar \u00fanicamente zonas espec\u00edficas como:<\/p>\n\n<ul class=\"wp-block-list\">\n<li>El cuello.<\/li>\n\n\n\n<li>Los p\u00f3mulos.<\/li>\n\n\n\n<li>La parte alta de las mejillas.<\/li>\n\n\n\n<li>La zona bajo la mand\u00edbula.<\/li>\n\n\n\n<li>Los contornos de la barba.<\/li>\n<\/ul>\n\n<p>En estos casos, el objetivo no es eliminar la barba, sino conseguir una l\u00ednea m\u00e1s limpia y definida que requiera menos mantenimiento.<\/p>\n\n<h3 class=\"wp-block-heading has-medium-font-size\">El gran enemigo: los pelos enquistados en la barba<\/h3>\n\n<p>Si hay una expresi\u00f3n que aparece repetidamente cuando se habla de depilaci\u00f3n l\u00e1ser facial masculina es &#8220;pelos enquistados&#8221;. Y no es casualidad. <\/p>\n\n<p>La barba es una de las zonas del cuerpo con mayor densidad de vello. Cuando este vello es grueso o rizado, es m\u00e1s probable que vuelva a crecer hacia el interior de la piel despu\u00e9s del afeitado. <\/p>\n\n<p>Esto provoca:<\/p>\n\n<ul class=\"wp-block-list\">\n<li>Enrojecimiento.<\/li>\n\n\n\n<li>Inflamaci\u00f3n.<\/li>\n\n\n\n<li>Dolor.<\/li>\n\n\n\n<li>Peque\u00f1os bultos.<\/li>\n\n\n\n<li>Manchas en la piel.<\/li>\n<\/ul>\n\n<p>La depilaci\u00f3n l\u00e1ser act\u00faa directamente sobre el fol\u00edculo piloso, reduciendo progresivamente el crecimiento del vello y, en consecuencia, disminuyendo de forma significativa la aparici\u00f3n de pelos enquistados.<\/p>\n\n<p>Para muchos hombres, este es el principal motivo para comenzar el tratamiento.<\/p>\n\n<h2 class=\"wp-block-heading has-medium-font-size\">\u00bfLa depilaci\u00f3n l\u00e1ser en la barba es dolorosa?<\/h2>\n\n<p>Es una pregunta completamente normal.<\/p>\n\n<p>La cara es una zona sensible y la barba masculina suele tener un vello grueso y profundo.<\/p>\n\n<p>Aun as\u00ed, la tecnolog\u00eda actual permite realizar tratamientos mucho m\u00e1s c\u00f3modos que hace unos a\u00f1os.<\/p>\n\n<p>La <a href=\"https:\/\/laserfactory.cat\/es\/depilacion-laser-diodo-duele\/\">sensaci\u00f3n suele describirse como peque\u00f1os pinchazos de calor muy r\u00e1pidos<\/a>. Adem\u00e1s, nuestra aparatolog\u00eda permite regular los par\u00e1metros para adaptar el tratamiento a las caracter\u00edsticas y sensibilidad de cada persona, adem\u00e1s de incorporar un sistema de refrigeraci\u00f3n que ayuda a proteger la piel y hace la sesi\u00f3n m\u00e1s confortable. <\/p>\n\n<p>La percepci\u00f3n del dolor var\u00eda seg\u00fan cada persona, pero la mayor\u00eda de los clientes considera que es perfectamente soportable.<\/p>\n\n<figure class=\"wp-block-image size-large\"><img decoding=\"async\" width=\"1024\" height=\"683\" src=\"https:\/\/laserfactory.cat\/wp-content\/uploads\/2026\/08\/afaitar-barba-home-1024x683.jpg\" alt=\"afeitar barba home\" class=\"wp-image-16179\" srcset=\"https:\/\/laserfactory.cat\/wp-content\/uploads\/2026\/08\/afaitar-barba-home-1024x683.jpg 1024w, https:\/\/laserfactory.cat\/wp-content\/uploads\/2026\/08\/afaitar-barba-home-300x200.jpg 300w, https:\/\/laserfactory.cat\/wp-content\/uploads\/2026\/08\/afaitar-barba-home-768x512.jpg 768w, https:\/\/laserfactory.cat\/wp-content\/uploads\/2026\/08\/afaitar-barba-home.jpg 1100w\" sizes=\"(max-width: 1024px) 100vw, 1024px\" \/><\/figure>\n\n<h2 class=\"wp-block-heading has-medium-font-size\">\u00bfCu\u00e1ntas sesiones de depilaci\u00f3n l\u00e1ser en la barba son necesarias?<\/h2>\n\n<p>No existe una respuesta concreta.<\/p>\n\n<p>La cantidad de sesiones depende de factores como:<\/p>\n\n<ul class=\"wp-block-list\">\n<li>El <a href=\"https:\/\/laserfactory.cat\/es\/como-afecta-tipo-de-piel-depilacion-laser\/\">tipo de piel<\/a>.<\/li>\n\n\n\n<li>El color del vello.<\/li>\n\n\n\n<li>Las hormonas.<\/li>\n\n\n\n<li>La edad.<\/li>\n\n\n\n<li>La respuesta individual al tratamiento.<\/li>\n<\/ul>\n\n<p>En general, la barba masculina suele requerir m\u00e1s sesiones que otras zonas del cuerpo porque es un \u00e1rea muy estimulada hormonalmente y las primeras sesiones suelen realizarse cada 15 d\u00edas.<\/p>\n\n<p>Por ello, es importante entender que la depilaci\u00f3n l\u00e1ser es un proceso progresivo. Sesi\u00f3n tras sesi\u00f3n, el vello se vuelve m\u00e1s fino, menos denso y m\u00e1s f\u00e1cil de tratar. <\/p>\n\n<h4 class=\"wp-block-heading has-medium-font-size\">\u00bfQu\u00e9 ocurre entre sesi\u00f3n y sesi\u00f3n?<\/h4>\n\n<p>Despu\u00e9s de la sesi\u00f3n, el vello crece con normalidad y, al cabo de 10-15 d\u00edas, veremos c\u00f3mo empieza a caer el que hemos eliminado y aparecen las calvas o zonas sin vello. <\/p>\n\n<p>Con el paso de las sesiones, cada vez habr\u00e1 menos vello y el que aparezca suele ser m\u00e1s fino y menos visible. Ese vello residual es el que iremos tratando hasta su eliminaci\u00f3n total. <\/p>\n\n<p>Entre sesiones, si queremos eliminar el vello que pueda aparecer, es importante utilizar m\u00e9todos que no lo arranquen de ra\u00edz. Por tanto, se recomienda el uso de maquinilla de afeitar o crema depilatoria. <\/p>\n\n<h2 class=\"wp-block-heading has-medium-font-size\">Beneficios reales de la depilaci\u00f3n l\u00e1ser en la barba<\/h2>\n\n<p>M\u00e1s all\u00e1 de la est\u00e9tica, los beneficios que m\u00e1s valoran los hombres suelen estar relacionados con la comodidad.<\/p>\n\n<h4 class=\"wp-block-heading\">Menos tiempo frente al espejo<\/h4>\n\n<p>Reducir la frecuencia del afeitado significa dedicar menos tiempo a una rutina que, en muchos casos, se repite pr\u00e1cticamente cada d\u00eda.<\/p>\n\n<h4 class=\"wp-block-heading\">Una piel con mejor aspecto<\/h4>\n\n<p>Al disminuir la irritaci\u00f3n y los pelos enquistados, la piel suele mostrarse m\u00e1s uniforme y saludable.<\/p>\n\n<h4 class=\"wp-block-heading\">Menos granitos e inflamaciones<\/h4>\n\n<p>La reducci\u00f3n del vello ayuda a minimizar muchos de los problemas asociados a la foliculitis.<\/p>\n\n<h4 class=\"wp-block-heading\">Contornos m\u00e1s definidos<\/h4>\n\n<p>Para quienes desean mantener la barba, el l\u00e1ser permite crear l\u00edneas m\u00e1s limpias y duraderas.<\/p>\n\n<h4 class=\"wp-block-heading\">M\u00e1s comodidad en el d\u00eda a d\u00eda<\/h4>\n\n<p>Puede parecer un detalle menor, pero dejar de preocuparse constantemente por el crecimiento del vello es una mejora que muchos clientes destacan despu\u00e9s del tratamiento.<\/p>\n\n<h2 class=\"wp-block-heading has-medium-font-size\">\u00bfCu\u00e1ndo es un buen momento para empezar el tratamiento de depilaci\u00f3n l\u00e1ser en la barba?<\/h2>\n\n<p>\u00a1Hoy mismo, si quieres! Solo debemos tener en cuenta la exposici\u00f3n solar y saber si est\u00e1s tomando alg\u00fan medicamento fotosensible. <\/p>\n\n<p>Pero si los pelos enquistados forman parte de tu rutina, si te afeitas casi cada d\u00eda o si simplemente quieres definir mejor tu barba sin depender constantemente de la maquinilla, la depilaci\u00f3n l\u00e1ser puede convertirse en una soluci\u00f3n muy pr\u00e1ctica para ti.<\/p>\n\n<p>Lo importante es ponerte en manos de nuestros profesionales para que valoren tu caso de forma personalizada.<\/p>\n\n<h2 class=\"wp-block-heading has-medium-font-size\">Depilaci\u00f3n l\u00e1ser en la barba: mucho m\u00e1s que una cuesti\u00f3n est\u00e9tica<\/h2>\n\n<p>Cuando se habla de <a href=\"https:\/\/laserfactory.cat\/es\/depilacion-laser-diodo\/depilacion-laser-masculina\/depilacion-laser-masculina-facial\/\">depilaci\u00f3n l\u00e1ser facial masculina<\/a>, a menudo se piensa \u00fanicamente en eliminar vello. Pero la realidad es que los motivos que llevan a los hombres a iniciar este tratamiento suelen ir mucho m\u00e1s all\u00e1. <\/p>\n\n<p>La b\u00fasqueda de una piel m\u00e1s sana, la reducci\u00f3n de los pelos enquistados, la comodidad diaria y el ahorro de tiempo son factores que cada vez tienen m\u00e1s peso.<\/p>\n\n<p>Por eso, la <a href=\"https:\/\/laserfactory.cat\/es\/depilacion-laser-diodo\/depilacion-laser-masculina\/barba\/\">depilaci\u00f3n l\u00e1ser en la barba<\/a> se ha convertido en una de las opciones m\u00e1s interesantes para aquellos hombres que desean simplificar su rutina y sentirse m\u00e1s c\u00f3modos con su piel d\u00eda tras d\u00eda.<\/p>\n\n<p>Si est\u00e1s pensando en iniciar el tratamiento, puedes <a href=\"https:\/\/laserfactory.cat\/es\/promociones-y-precios\/\">consultar nuestros precios y promociones<\/a> o <a href=\"https:\/\/laserfactory.cat\/es\/centros-depilacion-laser\/\">buscar el centro Laser Factory que te quede m\u00e1s cerca<\/a>. Estaremos encantados de asesorarte. <\/p>\n","protected":false},"excerpt":{"rendered":"<p>Si eres de los que se afeitan la barba cada d\u00eda, probablemente conozcas bien la sensaci\u00f3n: la piel irritada, los granitos que aparecen despu\u00e9s de pasar la maquinilla, las zonas donde los pelos crecen hacia dentro y la necesidad de repetir el proceso una y otra vez. Durante a\u00f1os, muchos hombres han asumido que esto [&hellip;]<\/p>\n","protected":false},"author":2,"featured_media":16178,"comment_status":"closed","ping_status":"open","sticky":false,"template":"","format":"standard","meta":{"_acf_changed":false,"inline_featured_image":false,"footnotes":""},"categories":[49],"tags":[],"class_list":["post-16184","post","type-post","status-publish","format-standard","has-post-thumbnail","hentry","category-depilacion-laser"],"acf":[],"yoast_head":"<!-- This site is optimized with the Yoast SEO plugin v28.3 - https:\/\/yoast.com\/product\/yoast-seo-wordpress\/ -->\n<title>Depilaci\u00f3n l\u00e1ser en la barba para hombres: adi\u00f3s pelos enquistados y irritaci\u00f3n - Laser Factory<\/title>\n<meta name=\"description\" content=\"Antes y despu\u00e9s de la depilaci\u00f3n l\u00e1ser de barba: adi\u00f3s a los pelos enquistados ya la irritaci\u00f3n. \u00a1Consigue una piel suave e impecable!\" \/>\n<meta name=\"robots\" content=\"index, follow, max-snippet:-1, max-image-preview:large, max-video-preview:-1\" \/>\n<link rel=\"canonical\" href=\"https:\/\/laserfactory.cat\/es\/depilacion-laser-barba-hombres-adios-pelos-enquistados-irritacion\/\" \/>\n<meta property=\"og:locale\" content=\"es_ES\" \/>\n<meta property=\"og:type\" content=\"article\" \/>\n<meta property=\"og:title\" content=\"Depilaci\u00f3n l\u00e1ser en la barba para hombres: adi\u00f3s pelos enquistados y irritaci\u00f3n - Laser Factory\" \/>\n<meta property=\"og:description\" content=\"Antes y despu\u00e9s de la depilaci\u00f3n l\u00e1ser de barba: adi\u00f3s a los pelos enquistados ya la irritaci\u00f3n. \u00a1Consigue una piel suave e impecable!\" \/>\n<meta property=\"og:url\" content=\"https:\/\/laserfactory.cat\/es\/depilacion-laser-barba-hombres-adios-pelos-enquistados-irritacion\/\" \/>\n<meta property=\"og:site_name\" content=\"Laser Factory\" \/>\n<meta property=\"article:publisher\" content=\"https:\/\/facebook.com\/CentresLaserFactory\" \/>\n<meta property=\"article:published_time\" content=\"2026-08-26T08:00:23+00:00\" \/>\n<meta property=\"og:image\" content=\"https:\/\/laserfactory.cat\/wp-content\/uploads\/2026\/08\/abans-i-despres-depilacio-laser-barba-home.jpg\" \/>\n\t<meta property=\"og:image:width\" content=\"1536\" \/>\n\t<meta property=\"og:image:height\" content=\"1024\" \/>\n\t<meta property=\"og:image:type\" content=\"image\/jpeg\" \/>\n<meta name=\"author\" content=\"Marketing\" \/>\n<meta name=\"twitter:card\" content=\"summary_large_image\" \/>\n<meta name=\"twitter:label1\" content=\"Written by\" \/>\n\t<meta name=\"twitter:data1\" content=\"Marketing\" \/>\n\t<meta name=\"twitter:label2\" content=\"Est. reading time\" \/>\n\t<meta name=\"twitter:data2\" content=\"8 minutes\" \/>\n<script type=\"application\/ld+json\" class=\"yoast-schema-graph\">{\"@context\":\"https:\\\/\\\/schema.org\",\"@graph\":[{\"@type\":\"Article\",\"@id\":\"https:\\\/\\\/laserfactory.cat\\\/es\\\/depilacion-laser-barba-hombres-adios-pelos-enquistados-irritacion\\\/#article\",\"isPartOf\":{\"@id\":\"https:\\\/\\\/laserfactory.cat\\\/es\\\/depilacion-laser-barba-hombres-adios-pelos-enquistados-irritacion\\\/\"},\"author\":{\"name\":\"Marketing\",\"@id\":\"https:\\\/\\\/laserfactory.cat\\\/es\\\/#\\\/schema\\\/person\\\/f546f8410b20c5135d581f32bc927d2c\"},\"headline\":\"Depilaci\u00f3n l\u00e1ser en la barba para hombres: adi\u00f3s a los pelos enquistados y a la irritaci\u00f3n\",\"datePublished\":\"2026-08-26T08:00:23+00:00\",\"mainEntityOfPage\":{\"@id\":\"https:\\\/\\\/laserfactory.cat\\\/es\\\/depilacion-laser-barba-hombres-adios-pelos-enquistados-irritacion\\\/\"},\"wordCount\":1351,\"publisher\":{\"@id\":\"https:\\\/\\\/laserfactory.cat\\\/es\\\/#organization\"},\"image\":{\"@id\":\"https:\\\/\\\/laserfactory.cat\\\/es\\\/depilacion-laser-barba-hombres-adios-pelos-enquistados-irritacion\\\/#primaryimage\"},\"thumbnailUrl\":\"https:\\\/\\\/laserfactory.cat\\\/wp-content\\\/uploads\\\/2026\\\/08\\\/abans-i-despres-depilacio-laser-barba-home.jpg\",\"articleSection\":[\"Depilaci\u00f3n l\u00e1ser\"],\"inLanguage\":\"es-ES\"},{\"@type\":\"WebPage\",\"@id\":\"https:\\\/\\\/laserfactory.cat\\\/es\\\/depilacion-laser-barba-hombres-adios-pelos-enquistados-irritacion\\\/\",\"url\":\"https:\\\/\\\/laserfactory.cat\\\/es\\\/depilacion-laser-barba-hombres-adios-pelos-enquistados-irritacion\\\/\",\"name\":\"Depilaci\u00f3n l\u00e1ser en la barba para hombres: adi\u00f3s pelos enquistados y irritaci\u00f3n - Laser Factory\",\"isPartOf\":{\"@id\":\"https:\\\/\\\/laserfactory.cat\\\/es\\\/#website\"},\"primaryImageOfPage\":{\"@id\":\"https:\\\/\\\/laserfactory.cat\\\/es\\\/depilacion-laser-barba-hombres-adios-pelos-enquistados-irritacion\\\/#primaryimage\"},\"image\":{\"@id\":\"https:\\\/\\\/laserfactory.cat\\\/es\\\/depilacion-laser-barba-hombres-adios-pelos-enquistados-irritacion\\\/#primaryimage\"},\"thumbnailUrl\":\"https:\\\/\\\/laserfactory.cat\\\/wp-content\\\/uploads\\\/2026\\\/08\\\/abans-i-despres-depilacio-laser-barba-home.jpg\",\"datePublished\":\"2026-08-26T08:00:23+00:00\",\"description\":\"Antes y despu\u00e9s de la depilaci\u00f3n l\u00e1ser de barba: adi\u00f3s a los pelos enquistados ya la irritaci\u00f3n. \u00a1Consigue una piel suave e impecable!\",\"inLanguage\":\"es-ES\",\"potentialAction\":[{\"@type\":\"ReadAction\",\"target\":[\"https:\\\/\\\/laserfactory.cat\\\/es\\\/depilacion-laser-barba-hombres-adios-pelos-enquistados-irritacion\\\/\"]}]},{\"@type\":\"ImageObject\",\"inLanguage\":\"es-ES\",\"@id\":\"https:\\\/\\\/laserfactory.cat\\\/es\\\/depilacion-laser-barba-hombres-adios-pelos-enquistados-irritacion\\\/#primaryimage\",\"url\":\"https:\\\/\\\/laserfactory.cat\\\/wp-content\\\/uploads\\\/2026\\\/08\\\/abans-i-despres-depilacio-laser-barba-home.jpg\",\"contentUrl\":\"https:\\\/\\\/laserfactory.cat\\\/wp-content\\\/uploads\\\/2026\\\/08\\\/abans-i-despres-depilacio-laser-barba-home.jpg\",\"width\":1536,\"height\":1024,\"caption\":\"abans i despres depilacio laser barba home\"},{\"@type\":\"WebSite\",\"@id\":\"https:\\\/\\\/laserfactory.cat\\\/es\\\/#website\",\"url\":\"https:\\\/\\\/laserfactory.cat\\\/es\\\/\",\"name\":\"Laser Factory\",\"description\":\"Experts en depilaci\u00f3 l\u00e0ser\",\"publisher\":{\"@id\":\"https:\\\/\\\/laserfactory.cat\\\/es\\\/#organization\"},\"potentialAction\":[{\"@type\":\"SearchAction\",\"target\":{\"@type\":\"EntryPoint\",\"urlTemplate\":\"https:\\\/\\\/laserfactory.cat\\\/es\\\/?s={search_term_string}\"},\"query-input\":{\"@type\":\"PropertyValueSpecification\",\"valueRequired\":true,\"valueName\":\"search_term_string\"}}],\"inLanguage\":\"es-ES\"},{\"@type\":\"Organization\",\"@id\":\"https:\\\/\\\/laserfactory.cat\\\/es\\\/#organization\",\"name\":\"Laser Factory\",\"url\":\"https:\\\/\\\/laserfactory.cat\\\/es\\\/\",\"logo\":{\"@type\":\"ImageObject\",\"inLanguage\":\"es-ES\",\"@id\":\"https:\\\/\\\/laserfactory.cat\\\/es\\\/#\\\/schema\\\/logo\\\/image\\\/\",\"url\":\"https:\\\/\\\/laserfactory.cat\\\/wp-content\\\/uploads\\\/2021\\\/01\\\/logo.svg\",\"contentUrl\":\"https:\\\/\\\/laserfactory.cat\\\/wp-content\\\/uploads\\\/2021\\\/01\\\/logo.svg\",\"width\":345,\"height\":129,\"caption\":\"Laser Factory\"},\"image\":{\"@id\":\"https:\\\/\\\/laserfactory.cat\\\/es\\\/#\\\/schema\\\/logo\\\/image\\\/\"},\"sameAs\":[\"https:\\\/\\\/facebook.com\\\/CentresLaserFactory\",\"https:\\\/\\\/instagram.com\\\/centres_laserfactory\",\"https:\\\/\\\/www.youtube.com\\\/@centroslaserfactory\",\"https:\\\/\\\/es.linkedin.com\\\/company\\\/laserfactory\"]},{\"@type\":\"Person\",\"@id\":\"https:\\\/\\\/laserfactory.cat\\\/es\\\/#\\\/schema\\\/person\\\/f546f8410b20c5135d581f32bc927d2c\",\"name\":\"Marketing\",\"image\":{\"@type\":\"ImageObject\",\"inLanguage\":\"es-ES\",\"@id\":\"https:\\\/\\\/secure.gravatar.com\\\/avatar\\\/22379fb475061e2a9386ecc78152f0e05012e2551867e31247fd5e59a334b424?s=96&d=mm&r=g\",\"url\":\"https:\\\/\\\/secure.gravatar.com\\\/avatar\\\/22379fb475061e2a9386ecc78152f0e05012e2551867e31247fd5e59a334b424?s=96&d=mm&r=g\",\"contentUrl\":\"https:\\\/\\\/secure.gravatar.com\\\/avatar\\\/22379fb475061e2a9386ecc78152f0e05012e2551867e31247fd5e59a334b424?s=96&d=mm&r=g\",\"caption\":\"Marketing\"},\"url\":\"https:\\\/\\\/laserfactory.cat\\\/es\\\/author\\\/marketing\\\/\"}]}<\/script>\n<!-- \/ Yoast SEO plugin. -->","yoast_head_json":{"title":"Depilaci\u00f3n l\u00e1ser en la barba para hombres: adi\u00f3s pelos enquistados y irritaci\u00f3n - Laser Factory","description":"Antes y despu\u00e9s de la depilaci\u00f3n l\u00e1ser de barba: adi\u00f3s a los pelos enquistados ya la irritaci\u00f3n. \u00a1Consigue una piel suave e impecable!","robots":{"index":"index","follow":"follow","max-snippet":"max-snippet:-1","max-image-preview":"max-image-preview:large","max-video-preview":"max-video-preview:-1"},"canonical":"https:\/\/laserfactory.cat\/es\/depilacion-laser-barba-hombres-adios-pelos-enquistados-irritacion\/","og_locale":"es_ES","og_type":"article","og_title":"Depilaci\u00f3n l\u00e1ser en la barba para hombres: adi\u00f3s pelos enquistados y irritaci\u00f3n - Laser Factory","og_description":"Antes y despu\u00e9s de la depilaci\u00f3n l\u00e1ser de barba: adi\u00f3s a los pelos enquistados ya la irritaci\u00f3n. \u00a1Consigue una piel suave e impecable!","og_url":"https:\/\/laserfactory.cat\/es\/depilacion-laser-barba-hombres-adios-pelos-enquistados-irritacion\/","og_site_name":"Laser Factory","article_publisher":"https:\/\/facebook.com\/CentresLaserFactory","article_published_time":"2026-08-26T08:00:23+00:00","og_image":[{"width":1536,"height":1024,"url":"https:\/\/laserfactory.cat\/wp-content\/uploads\/2026\/08\/abans-i-despres-depilacio-laser-barba-home.jpg","type":"image\/jpeg"}],"author":"Marketing","twitter_card":"summary_large_image","twitter_misc":{"Written by":"Marketing","Est. reading time":"8 minutes"},"schema":{"@context":"https:\/\/schema.org","@graph":[{"@type":"Article","@id":"https:\/\/laserfactory.cat\/es\/depilacion-laser-barba-hombres-adios-pelos-enquistados-irritacion\/#article","isPartOf":{"@id":"https:\/\/laserfactory.cat\/es\/depilacion-laser-barba-hombres-adios-pelos-enquistados-irritacion\/"},"author":{"name":"Marketing","@id":"https:\/\/laserfactory.cat\/es\/#\/schema\/person\/f546f8410b20c5135d581f32bc927d2c"},"headline":"Depilaci\u00f3n l\u00e1ser en la barba para hombres: adi\u00f3s a los pelos enquistados y a la irritaci\u00f3n","datePublished":"2026-08-26T08:00:23+00:00","mainEntityOfPage":{"@id":"https:\/\/laserfactory.cat\/es\/depilacion-laser-barba-hombres-adios-pelos-enquistados-irritacion\/"},"wordCount":1351,"publisher":{"@id":"https:\/\/laserfactory.cat\/es\/#organization"},"image":{"@id":"https:\/\/laserfactory.cat\/es\/depilacion-laser-barba-hombres-adios-pelos-enquistados-irritacion\/#primaryimage"},"thumbnailUrl":"https:\/\/laserfactory.cat\/wp-content\/uploads\/2026\/08\/abans-i-despres-depilacio-laser-barba-home.jpg","articleSection":["Depilaci\u00f3n l\u00e1ser"],"inLanguage":"es-ES"},{"@type":"WebPage","@id":"https:\/\/laserfactory.cat\/es\/depilacion-laser-barba-hombres-adios-pelos-enquistados-irritacion\/","url":"https:\/\/laserfactory.cat\/es\/depilacion-laser-barba-hombres-adios-pelos-enquistados-irritacion\/","name":"Depilaci\u00f3n l\u00e1ser en la barba para hombres: adi\u00f3s pelos enquistados y irritaci\u00f3n - Laser Factory","isPartOf":{"@id":"https:\/\/laserfactory.cat\/es\/#website"},"primaryImageOfPage":{"@id":"https:\/\/laserfactory.cat\/es\/depilacion-laser-barba-hombres-adios-pelos-enquistados-irritacion\/#primaryimage"},"image":{"@id":"https:\/\/laserfactory.cat\/es\/depilacion-laser-barba-hombres-adios-pelos-enquistados-irritacion\/#primaryimage"},"thumbnailUrl":"https:\/\/laserfactory.cat\/wp-content\/uploads\/2026\/08\/abans-i-despres-depilacio-laser-barba-home.jpg","datePublished":"2026-08-26T08:00:23+00:00","description":"Antes y despu\u00e9s de la depilaci\u00f3n l\u00e1ser de barba: adi\u00f3s a los pelos enquistados ya la irritaci\u00f3n. \u00a1Consigue una piel suave e impecable!","inLanguage":"es-ES","potentialAction":[{"@type":"ReadAction","target":["https:\/\/laserfactory.cat\/es\/depilacion-laser-barba-hombres-adios-pelos-enquistados-irritacion\/"]}]},{"@type":"ImageObject","inLanguage":"es-ES","@id":"https:\/\/laserfactory.cat\/es\/depilacion-laser-barba-hombres-adios-pelos-enquistados-irritacion\/#primaryimage","url":"https:\/\/laserfactory.cat\/wp-content\/uploads\/2026\/08\/abans-i-despres-depilacio-laser-barba-home.jpg","contentUrl":"https:\/\/laserfactory.cat\/wp-content\/uploads\/2026\/08\/abans-i-despres-depilacio-laser-barba-home.jpg","width":1536,"height":1024,"caption":"abans i despres depilacio laser barba home"},{"@type":"WebSite","@id":"https:\/\/laserfactory.cat\/es\/#website","url":"https:\/\/laserfactory.cat\/es\/","name":"Laser Factory","description":"Experts en depilaci\u00f3 l\u00e0ser","publisher":{"@id":"https:\/\/laserfactory.cat\/es\/#organization"},"potentialAction":[{"@type":"SearchAction","target":{"@type":"EntryPoint","urlTemplate":"https:\/\/laserfactory.cat\/es\/?s={search_term_string}"},"query-input":{"@type":"PropertyValueSpecification","valueRequired":true,"valueName":"search_term_string"}}],"inLanguage":"es-ES"},{"@type":"Organization","@id":"https:\/\/laserfactory.cat\/es\/#organization","name":"Laser Factory","url":"https:\/\/laserfactory.cat\/es\/","logo":{"@type":"ImageObject","inLanguage":"es-ES","@id":"https:\/\/laserfactory.cat\/es\/#\/schema\/logo\/image\/","url":"https:\/\/laserfactory.cat\/wp-content\/uploads\/2021\/01\/logo.svg","contentUrl":"https:\/\/laserfactory.cat\/wp-content\/uploads\/2021\/01\/logo.svg","width":345,"height":129,"caption":"Laser Factory"},"image":{"@id":"https:\/\/laserfactory.cat\/es\/#\/schema\/logo\/image\/"},"sameAs":["https:\/\/facebook.com\/CentresLaserFactory","https:\/\/instagram.com\/centres_laserfactory","https:\/\/www.youtube.com\/@centroslaserfactory","https:\/\/es.linkedin.com\/company\/laserfactory"]},{"@type":"Person","@id":"https:\/\/laserfactory.cat\/es\/#\/schema\/person\/f546f8410b20c5135d581f32bc927d2c","name":"Marketing","image":{"@type":"ImageObject","inLanguage":"es-ES","@id":"https:\/\/secure.gravatar.com\/avatar\/22379fb475061e2a9386ecc78152f0e05012e2551867e31247fd5e59a334b424?s=96&d=mm&r=g","url":"https:\/\/secure.gravatar.com\/avatar\/22379fb475061e2a9386ecc78152f0e05012e2551867e31247fd5e59a334b424?s=96&d=mm&r=g","contentUrl":"https:\/\/secure.gravatar.com\/avatar\/22379fb475061e2a9386ecc78152f0e05012e2551867e31247fd5e59a334b424?s=96&d=mm&r=g","caption":"Marketing"},"url":"https:\/\/laserfactory.cat\/es\/author\/marketing\/"}]}},"_links":{"self":[{"href":"https:\/\/laserfactory.cat\/es\/wp-json\/wp\/v2\/posts\/16184","targetHints":{"allow":["GET"]}}],"collection":[{"href":"https:\/\/laserfactory.cat\/es\/wp-json\/wp\/v2\/posts"}],"about":[{"href":"https:\/\/laserfactory.cat\/es\/wp-json\/wp\/v2\/types\/post"}],"author":[{"embeddable":true,"href":"https:\/\/laserfactory.cat\/es\/wp-json\/wp\/v2\/users\/2"}],"replies":[{"embeddable":true,"href":"https:\/\/laserfactory.cat\/es\/wp-json\/wp\/v2\/comments?post=16184"}],"version-history":[{"count":3,"href":"https:\/\/laserfactory.cat\/es\/wp-json\/wp\/v2\/posts\/16184\/revisions"}],"predecessor-version":[{"id":16204,"href":"https:\/\/laserfactory.cat\/es\/wp-json\/wp\/v2\/posts\/16184\/revisions\/16204"}],"wp:featuredmedia":[{"embeddable":true,"href":"https:\/\/laserfactory.cat\/es\/wp-json\/wp\/v2\/media\/16178"}],"wp:attachment":[{"href":"https:\/\/laserfactory.cat\/es\/wp-json\/wp\/v2\/media?parent=16184"}],"wp:term":[{"taxonomy":"category","embeddable":true,"href":"https:\/\/laserfactory.cat\/es\/wp-json\/wp\/v2\/categories?post=16184"},{"taxonomy":"post_tag","embeddable":true,"href":"https:\/\/laserfactory.cat\/es\/wp-json\/wp\/v2\/tags?post=16184"}],"curies":[{"name":"wp","href":"https:\/\/api.w.org\/{rel}","templated":true}]}}